{"id":4156,"date":"2023-03-20T17:52:47","date_gmt":"2023-03-20T20:52:47","guid":{"rendered":"https:\/\/pages.cnpem.br\/er2ls\/?p=4156"},"modified":"2023-03-22T10:43:38","modified_gmt":"2023-03-22T13:43:38","slug":"programacao","status":"publish","type":"post","link":"https:\/\/pages.cnpem.br\/er2ls\/2023\/03\/20\/programacao\/","title":{"rendered":"Programa\u00e7\u00e3o"},"content":{"rendered":"<div class=\"wpb-content-wrapper\"><p>[vc_row][vc_column][vc_column_text]<\/p>\n<p style=\"text-align: justify\"><span style=\"font-weight: 400\">A Escola Ricardo Rodrigues de S\u00edncrotron apresenta conceitos b\u00e1sicos relacionados \u00e0s propriedades da luz s\u00edncrotron e os fundamentos das t\u00e9cnicas experimentais associadas, al\u00e9m de detalhes sobre aceleradores de part\u00edculas e tecnologias relacionadas.<\/span><\/p>\n<p><span style=\"font-weight: 400\">Veja abaixo a programa\u00e7\u00e3o <\/span><span style=\"font-weight: 400\">abaixo<\/span><span style=\"font-weight: 400\">. A agenda detalhada das Sess\u00f5es de Poster estar\u00e1 dispon\u00edvel dentro da plataforma digital da Escola.\u00a0<\/span>[\/vc_column_text][\/vc_column][\/vc_row][vc_row][vc_column][\/vc_column][\/vc_row][vc_row][vc_column][vc_tta_tabs spacing=&#8221;10&#8243; alignment=&#8221;center&#8221; active_section=&#8221;1&#8243;][vc_tta_section title=&#8221;Primeira Semana: 11 a 15 de julho&#8221; tab_id=&#8221;programa\u00e7\u00e3ogeral&#8221;][vc_empty_space][vc_column_text]<\/p>\n<table style=\"width: 100%\" width=\"100%\">\n<tbody>\n<tr>\n<td width=\"85\"><strong>Hor\u00e1rio<\/strong><\/td>\n<td width=\"85\"><strong>11\/07<\/strong><br \/>\n<strong>(segunda)<\/strong><\/td>\n<td width=\"85\"><strong>12\/07<\/strong><br \/>\n<strong>(ter\u00e7a)<\/strong><\/td>\n<td width=\"85\"><strong>13\/07<\/strong><br \/>\n<strong>(quarta)<\/strong><\/td>\n<td width=\"85\"><strong>14\/07<\/strong><br \/>\n<strong>(quinta)<\/strong><\/td>\n<td width=\"85\"><strong>15\/07<\/strong><br \/>\n<strong>(sexta)<\/strong><\/td>\n<\/tr>\n<tr>\n<td width=\"85\">8:30-9:30<br \/>\n(ao vivo online)<\/td>\n<td width=\"85\">Boas-vindas<\/td>\n<td width=\"85\">Hist\u00f3rico &#8211; Int-1<\/td>\n<td width=\"85\">Ci\u00eancia com luz s\u00edncrotron &#8211; Int-2<\/td>\n<td width=\"85\">Tributo a Ricardo Rodrigues &#8211; Int-3<\/td>\n<td width=\"85\">Como escrever proposta de pesquisa<\/td>\n<\/tr>\n<tr>\n<td width=\"85\">9:30-16:00<br \/>\n(v\u00eddeo aulas gravadas)<\/td>\n<td width=\"85\">Prod-1<br \/>\nProd-2<br \/>\nProd-3<br \/>\nRmat-1<\/td>\n<td width=\"85\">Rmat-2<br \/>\nDif-1<br \/>\nDif-2<br \/>\nDif-3<br \/>\nRad<\/td>\n<td width=\"85\">Dif-4<br \/>\nDif-5<br \/>\nDif-6<br \/>\nDif-7<br \/>\nDif-8<\/td>\n<td width=\"85\">Esp-1<br \/>\nEsp-2<br \/>\nEsp-3<br \/>\nEsp-4<br \/>\nEsp-5<br \/>\nEsp-6<\/td>\n<td width=\"85\">Esp-7<br \/>\nEsp-8<br \/>\nEsp-9<br \/>\nRmat-3<\/td>\n<\/tr>\n<tr>\n<td width=\"85\">16:00-18:00<br \/>\n(ao vivo online)<\/td>\n<td width=\"85\">Discuss\u00e3o e tira d\u00favidas<\/td>\n<td width=\"85\">Discuss\u00e3o e tira d\u00favidas<\/td>\n<td width=\"85\">Discuss\u00e3o e tira d\u00favidas<\/td>\n<td width=\"85\">Discuss\u00e3o e tira d\u00favidas<\/td>\n<td width=\"85\">Discuss\u00e3o e tira d\u00favidas<\/td>\n<\/tr>\n<\/tbody>\n<\/table>\n<p>[\/vc_column_text][\/vc_tta_section][vc_tta_section title=&#8221;Segunda Semana: 18 a 21 de julho&#8221; tab_id=&#8221;segundasemana&#8221;][vc_empty_space][vc_column_text]<\/p>\n<table style=\"width: 100%;height: 258px\" width=\"100%\">\n<tbody>\n<tr style=\"height: 43px\">\n<td style=\"width: 16.0573%;height: 43px\" width=\"85\"><strong>Hor\u00e1rio<\/strong><\/td>\n<td style=\"width: 16.0573%;height: 43px\" width=\"85\"><strong>18\/07<\/strong><br \/>\n<strong>(segunda)<\/strong><\/td>\n<td style=\"width: 16.0573%;height: 43px\" width=\"85\"><strong>19\/07<\/strong><br \/>\n<strong>(ter\u00e7a)<\/strong><\/td>\n<td style=\"width: 16.0573%;height: 43px\" width=\"85\"><strong>20\/07<\/strong><br \/>\n<strong>(quarta)<\/strong><\/td>\n<td style=\"width: 16.5591%;height: 43px\" width=\"85\"><strong>21\/07<\/strong><br \/>\n<strong>(quinta)<\/strong><\/td>\n<\/tr>\n<tr style=\"height: 65px\">\n<td style=\"width: 16.0573%;height: 65px\" width=\"85\">8:30-11:00<br \/>\n(v\u00eddeo aulas gravadas)<\/td>\n<td style=\"width: 16.0573%;height: 65px\" width=\"85\">Esp-10<br \/>\nEsp-11<br \/>\nLCIS<\/td>\n<td style=\"width: 16.0573%;height: 65px\" width=\"85\">DET<br \/>\nImg-1<br \/>\nLCTE<\/td>\n<td style=\"width: 16.0573%;height: 65px\" width=\"85\">Img-2<br \/>\nImg-3<br \/>\nLAM<\/td>\n<td style=\"width: 16.5591%;height: 65px\" width=\"85\">Img-4<br \/>\nImg-5<\/td>\n<\/tr>\n<tr style=\"height: 43px\">\n<td style=\"width: 16.0573%;height: 43px\" width=\"85\">11:00-12:00<br \/>\n(ao vivo online)<\/td>\n<td style=\"width: 16.0573%;height: 43px\" width=\"85\">Tira d\u00favidas<\/td>\n<td style=\"width: 16.0573%;height: 43px\" width=\"85\">Tira d\u00favidas<\/td>\n<td style=\"width: 16.0573%;height: 43px\" width=\"85\">Tira d\u00favidas<\/td>\n<td style=\"width: 16.5591%;height: 43px\" width=\"85\">Tira d\u00favidas<\/td>\n<\/tr>\n<tr style=\"height: 43px\">\n<td style=\"width: 16.0573%;height: 43px\" width=\"85\">12:00-12:30<br \/>\n(ao vivo online)<\/td>\n<td style=\"width: 16.0573%;height: 43px\" width=\"85\">Sess\u00e3o de p\u00f4ster<\/td>\n<td style=\"width: 16.0573%;height: 43px\" width=\"85\">Sess\u00e3o de p\u00f4ster<\/td>\n<td style=\"width: 16.0573%;height: 43px\" width=\"85\">Sess\u00e3o de p\u00f4ster<\/td>\n<td style=\"width: 16.5591%;height: 43px\" width=\"85\">Encerramento Online<\/td>\n<\/tr>\n<tr style=\"height: 21px\">\n<td style=\"width: 16.0573%;height: 21px\" width=\"85\">13:00-14:00<\/td>\n<td style=\"width: 16.0573%;height: 21px\" width=\"85\">Almo\u00e7o<\/td>\n<td style=\"width: 16.0573%;height: 21px\" width=\"85\">Almo\u00e7o<\/td>\n<td style=\"width: 16.0573%;height: 21px\" width=\"85\">Almo\u00e7o<\/td>\n<td style=\"width: 16.5591%;height: 21px\" width=\"85\">Almo\u00e7o<\/td>\n<\/tr>\n<tr style=\"height: 43px\">\n<td style=\"width: 16.0573%;height: 43px\" width=\"85\">14:00-18:30<br \/>\n(presencial)<\/td>\n<td style=\"width: 16.0573%;height: 43px\" width=\"85\">Tutoriais pr\u00e1ticos<\/td>\n<td style=\"width: 16.0573%;height: 43px\" width=\"85\">Tutoriais pr\u00e1ticos<\/td>\n<td style=\"width: 16.0573%;height: 43px\" width=\"85\">Tutoriais pr\u00e1ticos<\/td>\n<td style=\"width: 16.5591%;height: 43px\" width=\"85\">Tutoriais pr\u00e1ticos<\/td>\n<\/tr>\n<\/tbody>\n<\/table>\n<p>[\/vc_column_text][\/vc_tta_section][\/vc_tta_tabs][vc_row_inner][vc_column_inner][vc_empty_space height=&#8221;15&#8243;]<style type=\"text\/css\" data-type=\"the7_shortcodes-inline-css\">#default-btn-0e5d79d76d652bbe6eb08afb83fbd001.ico-right-side > i {\n  margin-right: 0px;\n  margin-left: 8px;\n}\n#default-btn-0e5d79d76d652bbe6eb08afb83fbd001 > i {\n  margin-right: 8px;\n}<\/style><div class=\"btn-align-center\"><a href=\"https:\/\/pages.cnpem.br\/er2ls\/wp-content\/uploads\/sites\/134\/2022\/07\/programa_ER2LS2022_v20220705.pdf\" class=\"default-btn-shortcode dt-btn dt-btn-l fadeInUpBig animate-element animation-builder link-hover-off full-width-btn \" target=\"_blank\" id=\"default-btn-0e5d79d76d652bbe6eb08afb83fbd001\" rel=\"noopener\"><span>Agenda em PDF<\/span><\/a><\/div>[vc_empty_space height=&#8221;15&#8243;][\/vc_column_inner][\/vc_row_inner][vc_row_inner][vc_column_inner width=&#8221;1\/2&#8243;][vc_column_text]<strong><em>Introdu\u00e7\u00e3o<\/em><\/strong><\/p>\n<p>Int-1: Hist\u00f3rico do LNLS, UVX e Sirius<\/p>\n<p>Antonio J. R. da Silva (45 min + 15 min perguntas)<\/p>\n<p>Int-2: Ricardo Rodrigues: legado, admira\u00e7\u00e3o e inspira\u00e7\u00e3o<\/p>\n<p>H\u00e9lio Tolentino (45 min + 15 min perguntas)<\/p>\n<p>Int-3: Ci\u00eancia com luz s\u00edncrotron<\/p>\n<p>Harry Westfahl (45 min + 15 min perguntas)<\/p>\n<p><em><strong>Como escrever propostas de pesquisa para o Sirius<\/strong><\/em><\/p>\n<p>Julio Criginski Cezar (45 min + 15 min perguntas)<\/p>\n<p><em><strong>\u00c1rea: Aceleradores e Produ\u00e7\u00e3o de Luz S\u00edncrotron<\/strong><\/em><\/p>\n<p><em><strong>Coordena\u00e7\u00e3o<\/strong>: Liu Lin<\/em><\/p>\n<p>Prod-1: Princ\u00edpios da produ\u00e7\u00e3o da luz s\u00edncrotron<\/p>\n<p>Liu Lin (54 min)<\/p>\n<p>Prod-2: F\u00edsica de aceleradores<\/p>\n<p>Fernando Henrique de S\u00e1 (60min)<\/p>\n<p>Prod-3: Engenharia de aceleradores<\/p>\n<p>Regis T. Neunschwander (53 min)<\/p>\n<p><strong><em>Intera\u00e7\u00e3o da Radia\u00e7\u00e3o com a Mat\u00e9ria<\/em><\/strong><\/p>\n<p><em><strong>Coordena\u00e7\u00e3o:<\/strong> Ingrid Barcelos<\/em><\/p>\n<p>RMat-1: O que \u00e9 mat\u00e9ria?<\/p>\n<p>Mateus Borba Cardoso (66 min)<\/p>\n<p>RMat-2: Intera\u00e7\u00e3o radia\u00e7\u00e3o-mat\u00e9ria<\/p>\n<p>Pedro Schio (55 min)<\/p>\n<p>RMat-3: \u00d3pticade raios X<\/p>\n<p>Julio Criginski Cezar (61 min)<\/p>\n<p><em><strong>Espalhamento e Difra\u00e7\u00e3o de Raios X<\/strong><\/em><\/p>\n<p><em><strong>Coordena\u00e7\u00e3o: <\/strong>Guilherme Calligaris<\/em><\/p>\n<p>Dif-1: Introdu\u00e7\u00e3o \u00e0s t\u00e9cnicas de espalhamento e difra\u00e7\u00e3o<\/p>\n<p>Cristiane B. Rodella (43 min)<\/p>\n<p>Dif-2: Difra\u00e7\u00e3o de monocristais e espa\u00e7o rec\u00edproco<\/p>\n<p>Guilherme Calligaris (45 min)<\/p>\n<p>Dif-3: Difra\u00e7\u00e3o de policristais<\/p>\n<p>Fl\u00e1via R. Estrada (54min)<\/p>\n<p>Dif-4: Espalhamento total e PDF<\/p>\n<p>(43 min) Cristiane B. Rodella<\/p>\n<p>Dif-5: Difra\u00e7\u00e3o de macromol\u00e9culas<\/p>\n<p>Ana Carolina Zeri (42 min)<\/p>\n<p>Dif-6: Espalhamento de raios X \u00e0 baixo \u00e2ngulo<\/p>\n<p>LeandroR. S. Barbosa (55 min)<\/p>\n<p>Dif-7: Incid\u00eancia rasante e refletividade de raios X<\/p>\n<p>Antonio Gasperinni (56 min)<\/p>\n<p>Dif-8: Espectroscopia de correla\u00e7\u00e3o temporal de raios X (XPCS)<\/p>\n<p>Aline Passos (31 min)[\/vc_column_text][\/vc_column_inner][vc_column_inner width=&#8221;1\/2&#8243;][vc_column_text]<strong><em>Espectroscopia de Raios X<\/em><\/strong><\/p>\n<p><em><strong>Coordena\u00e7\u00e3o<\/strong>: Santiago Figueroa<\/em><\/p>\n<p>Esp-1: Espectroscopia de Infravermelho (IR)<\/p>\n<p>Ingrid Barcelos (40 min)<\/p>\n<p><strong>\u00a0<\/strong>Esp-2<strong>: <\/strong>Dicro\u00edsmo circular em ultravioleta (CD-UV)<\/p>\n<p>Juliana S. Yonneda (32 min)<\/p>\n<p>Esp-3: Fotoemiss\u00e3o (XPS)<\/p>\n<p>Daniela Coelho (37 min)<\/p>\n<p>Esp-4: Absor\u00e7\u00e3o (XANES + EXAFS)<\/p>\n<p>Ricardo Reis (65min)<\/p>\n<p>Esp-5: Dicro\u00edsmo de raios X (XMCD\/XLD)<\/p>\n<p>Jeovani Brand\u00e3o (30 min)<\/p>\n<p>Esp-6: Microscopia de fotoemiss\u00e3o (PEEM)<\/p>\n<p>Dayane de S. Chaves (29 min)<\/p>\n<p>Esp-7: Fotoemiss\u00e3o (UPS + ARPES)<\/p>\n<p>Wendell Silva (35 min)<\/p>\n<p>Esp-8: Emiss\u00e3o (XRF + XEOL)<\/p>\n<p>Ver\u00f4nica Teixeira (58min)<\/p>\n<p>Esp-9: Emiss\u00e3o (XES + RIXS)<\/p>\n<p>Thiago Mori (60min)<\/p>\n<p>Esp-10: Emiss\u00e3o (IXS\/XRS)<\/p>\n<p>Ulisses F. Kaneko (30 min)<\/p>\n<p>Esp-11: Conex\u00e3o entre as diferentes espectroscopias<\/p>\n<p>Tulio Rocha (58 min)<\/p>\n<p><strong><em>Imagem com Raios X e Infravermelho<\/em><\/strong><\/p>\n<p><em><strong>Coordena\u00e7\u00e3o<\/strong>: Carla P\u00f3lo<\/em><\/p>\n<p>Img-1: Introdu\u00e7\u00e3o a t\u00e9cnicas de imagem<\/p>\n<p>Florian Meneau (37 min)<\/p>\n<p>Img-2: Tomografia<\/p>\n<p>Nathaly Archilha (60 min)<\/p>\n<p>Img-3: CDI e ptychography<\/p>\n<p>Carla Polo (41 min)<\/p>\n<p>Img-4: Bragg Coherent Diffraction Imaging (BCDI)<\/p>\n<p>Am\u00e9lie Rochet (50 min)<\/p>\n<p>Img-5: Imageamento com FT-IR<\/p>\n<p>Raul Freitas (55 min)<\/p>\n<p><strong><em>Grupo de Detectores<\/em><\/strong><\/p>\n<p>DET: Fundamentos da detec\u00e7\u00e3o de raios X<\/p>\n<p>Jean M. Polli (55min)<\/p>\n<p><strong><em>Grupo de Prote\u00e7\u00e3o Radiol\u00f3gica<\/em><\/strong><\/p>\n<p>RAD: Prote\u00e7\u00e3o radiol\u00f3gica no Sirius<\/p>\n<p>Fernanda Moura (28 min)<\/p>\n<p><strong><em>Laborat\u00f3rios de Apoio<\/em><\/strong><\/p>\n<p><strong>LCIS<\/strong> \u2013 <strong>Laborat\u00f3rio de Crescimento In-Situ<\/strong><\/p>\n<p>Pedro Schio N. Miniz (16 min)<\/p>\n<p><strong>LCTE \u2013 Laborat\u00f3rio de Condi\u00e7\u00f5es Termodin\u00e2micas Extremas<\/strong><\/p>\n<p>Danusa do Carmo (8 min)<\/p>\n<p><strong>LAM \u2013 Laborat\u00f3rio de Amostras Microsc\u00f3picas<\/strong><\/p>\n<p>Ingrid Barcelos (15 min)[\/vc_column_text][\/vc_column_inner][\/vc_row_inner][\/vc_column][\/vc_row]<\/p>\n<\/div>","protected":false},"excerpt":{"rendered":"<p>[vc_row][vc_column][vc_column_text] A Escola Ricardo Rodrigues de S\u00edncrotron apresenta conceitos b\u00e1sicos relacionados \u00e0s propriedades da luz s\u00edncrotron e os fundamentos das t\u00e9cnicas experimentais associadas, al\u00e9m de detalhes sobre aceleradores de part\u00edculas&hellip;<\/p>\n","protected":false},"author":1655,"featured_media":0,"comment_status":"closed","ping_status":"closed","sticky":false,"template":"","format":"standard","meta":{"footnotes":""},"categories":[4],"tags":[],"class_list":["post-4156","post","type-post","status-publish","format-standard","hentry","category-5a-er2ls-2022","category-4","description-off"],"_links":{"self":[{"href":"https:\/\/pages.cnpem.br\/er2ls\/wp-json\/wp\/v2\/posts\/4156","targetHints":{"allow":["GET"]}}],"collection":[{"href":"https:\/\/pages.cnpem.br\/er2ls\/wp-json\/wp\/v2\/posts"}],"about":[{"href":"https:\/\/pages.cnpem.br\/er2ls\/wp-json\/wp\/v2\/types\/post"}],"author":[{"embeddable":true,"href":"https:\/\/pages.cnpem.br\/er2ls\/wp-json\/wp\/v2\/users\/1655"}],"replies":[{"embeddable":true,"href":"https:\/\/pages.cnpem.br\/er2ls\/wp-json\/wp\/v2\/comments?post=4156"}],"version-history":[{"count":0,"href":"https:\/\/pages.cnpem.br\/er2ls\/wp-json\/wp\/v2\/posts\/4156\/revisions"}],"wp:attachment":[{"href":"https:\/\/pages.cnpem.br\/er2ls\/wp-json\/wp\/v2\/media?parent=4156"}],"wp:term":[{"taxonomy":"category","embeddable":true,"href":"https:\/\/pages.cnpem.br\/er2ls\/wp-json\/wp\/v2\/categories?post=4156"},{"taxonomy":"post_tag","embeddable":true,"href":"https:\/\/pages.cnpem.br\/er2ls\/wp-json\/wp\/v2\/tags?post=4156"}],"curies":[{"name":"wp","href":"https:\/\/api.w.org\/{rel}","templated":true}]}}